[{"@context":"https:\/\/schema.org\/","@type":"Article","@id":"https:\/\/www.menas.cz\/stehovani-v-decine-a-okoli-muze-probehnout-v-klidu\/#Article","mainEntityOfPage":"https:\/\/www.menas.cz\/stehovani-v-decine-a-okoli-muze-probehnout-v-klidu\/","headline":"St\u011bhov\u00e1n\u00ed v D\u011b\u010d\u00edn\u011b a okol\u00ed m\u016f\u017ee prob\u011bhnout v klidu","name":"St\u011bhov\u00e1n\u00ed v D\u011b\u010d\u00edn\u011b a okol\u00ed m\u016f\u017ee prob\u011bhnout v klidu","description":"D\u011b\u010d\u00edn je kr\u00e1sn\u00e9 m\u011bsto na b\u0159ez\u00edch Labe, odkud vyplouvaj\u00ed v\u00fdletn\u00ed parn\u00edky do H\u0159enska na vyhl\u00eddkovou plavbu ji\u017e des\u00edtky let. Nedaleko odtud se nach\u00e1z\u00ed velmi obl\u00edben\u00e1 turistick\u00e1 lokalita N\u00e1rodn\u00edho parku \u010cesk\u00e9 \u0160v\u00fdcarsko, m\u011bste\u010dko se z\u00e1mkem Bene\u0161ov nad Plou\u010dnic\u00ed a navazuj\u00edc\u00ed krajinn\u00e1 [&hellip;]","datePublished":"2021-02-17","dateModified":"2023-06-14","author":{"@type":"Person","@id":"https:\/\/www.menas.cz\/author\/#Person","name":"","url":"https:\/\/www.menas.cz\/author\/","identifier":1,"image":{"@type":"ImageObject","@id":"https:\/\/secure.gravatar.com\/avatar\/670235c08005d2f1b80a3d56a421809661de47ce0289bd1c93d0120f6ef211a4?s=96&d=mm&r=g","url":"https:\/\/secure.gravatar.com\/avatar\/670235c08005d2f1b80a3d56a421809661de47ce0289bd1c93d0120f6ef211a4?s=96&d=mm&r=g","height":96,"width":96}},"publisher":{"@type":"Organization","name":"menas.cz","logo":{"@type":"ImageObject","@id":"\/logo.png","url":"\/logo.png","width":600,"height":60}},"image":{"@type":"ImageObject","@id":"https:\/\/www.menas.cz\/wp-content\/uploads\/m%C4%9Bsto%20D%C4%9B%C4%8D%C3%ADn.jpg","url":"https:\/\/www.menas.cz\/wp-content\/uploads\/m%C4%9Bsto%20D%C4%9B%C4%8D%C3%ADn.jpg","height":0,"width":0},"url":"https:\/\/www.menas.cz\/stehovani-v-decine-a-okoli-muze-probehnout-v-klidu\/","about":["Slu\u017eby"],"wordCount":437,"articleBody":"        D\u011b\u010d\u00edn je kr\u00e1sn\u00e9 m\u011bsto na b\u0159ez\u00edch Labe, odkud vyplouvaj\u00ed v\u00fdletn\u00ed parn\u00edky do H\u0159enska na vyhl\u00eddkovou plavbu ji\u017e des\u00edtky let. Nedaleko odtud se nach\u00e1z\u00ed velmi obl\u00edben\u00e1 turistick\u00e1 lokalita N\u00e1rodn\u00edho parku \u010cesk\u00e9 \u0160v\u00fdcarsko, m\u011bste\u010dko se z\u00e1mkem Bene\u0161ov nad Plou\u010dnic\u00ed a navazuj\u00edc\u00ed krajinn\u00e1 oblast a jedno z nejmalebn\u011bj\u0161\u00edch poho\u0159\u00ed Lu\u017eick\u00e9 hory. Kdo se tu rozhodne \u017e\u00edt, bude m\u00edt mnoho mo\u017enost\u00ed, kam se vydat na sobotn\u00ed v\u00fdlet, a\u0165 u\u017e p\u011b\u0161ky nebo na kole. Pobyt v p\u0159\u00edrod\u011b je d\u016fle\u017eit\u00fd pro na\u0161i imunitu a psychickou pohodu a stejn\u011b tak je d\u016fle\u017eit\u00e9 neopom\u00edjet v\u0161echny podstatn\u00e9 z\u00e1le\u017eitosti ohledn\u011b st\u011bhov\u00e1n\u00ed.Spolehn\u011bte se na osv\u011bd\u010den\u00fd balic\u00ed materi\u00e1l \u2013 v\u00edte, \u017ee jsou lid\u00e9, kte\u0159\u00ed st\u00e1le bal\u00ed sv\u00e9 v\u011bci p\u0159i st\u011bhov\u00e1n\u00ed D\u011b\u010d\u00edn St\u011bhov\u00e1n\u00ed Mamut do novin a \u010dasopis\u016f? To je ale ten nejhor\u0161\u00ed zp\u016fsob, kdy\u017e u\u017e pap\u00edr, tak balic\u00ed nebo toaletn\u00ed (jumbo ve velk\u00fdch rol\u00edch), ale p\u0159ece jen se vypl\u00e1c\u00ed spolehnout se na to, co se osv\u011bd\u010dilo v mnoha st\u011bhovac\u00edch firm\u00e1ch a v logistice \u2013 bublinkov\u00e1 f\u00f3lie. S tou zabal\u00edte i velmi k\u0159ehk\u00e9 p\u0159edm\u011bty, jako jsou tal\u00ed\u0159e a skleni\u010dky, lustry a sv\u00edtidla, poslou\u017e\u00ed jako v\u00fdpl\u0148ov\u00fd materi\u00e1l, je netoxick\u00e1 a nevyvol\u00e1v\u00e1 \u017e\u00e1dn\u00e9 alergie. K bublinkov\u00e9 f\u00f3lii si p\u0159ipi\u0161te flexibiln\u00ed tenkou f\u00f3lii, kter\u00e1 je ide\u00e1ln\u00ed pro balen\u00ed n\u00e1bytku a spot\u0159ebi\u010d\u016f, p\u0159\u00edpadn\u011b komponent\u016f (d\u0159ev\u011bn\u00fdch desek atp.).Nebu\u010fte na v\u0161echno sami \u2013 v dne\u0161n\u00ed dob\u011b budeme \u010delit dal\u0161\u00ed ekonomick\u00e9 krizi kv\u016fli koronaviru, ale z\u00e1rove\u0148 je p\u0159ed n\u00e1mi v\u00fdzva, abychom pos\u00edlili vlastn\u00ed zdrav\u00ed a sn\u00ed\u017eili m\u00edru stresu, kter\u00fd sni\u017euje imunitu a m\u016f\u017ee n\u00e1s ohrozit p\u0159\u00edmo na \u017eivot\u011b. Dost\u00e1v\u00e1me se do situace, kdy mus\u00edme d\u00e1t na misky vah ekonomick\u00e9 dopady a zdravotn\u00ed. M\u011blo by se to t\u00fdkat i st\u011bhov\u00e1n\u00ed, kdy byste m\u011bli \u010d\u00e1st pr\u00e1ce odv\u00e9st vy, zejm\u00e9na administrativn\u00ed \u00fakony a balen\u00ed v\u011bc\u00ed, a \u010d\u00e1st je vhodn\u00e9 p\u0159enechat odborn\u00edk\u016fm. M\u011bli byste zabr\u00e1nit nechat se vt\u00e1hnout do smrt\u00edc\u00edho stresov\u00e9ho koloto\u010de, nav\u00edc lze po\u017e\u00e1dat st\u011bhovac\u00ed firmu o p\u0159est\u011bhov\u00e1n\u00ed v noci, kter\u00e9 b\u00fdv\u00e1 klidn\u011bj\u0161\u00ed a pohodov\u011bj\u0161\u00ed.                                                                                                                                                                                                                                                                                                                                                                                          4.3\/5 - (7 votes)        "},{"@context":"https:\/\/schema.org\/","@type":"BreadcrumbList","itemListElement":[{"@type":"ListItem","position":1,"name":"St\u011bhov\u00e1n\u00ed v D\u011b\u010d\u00edn\u011b a okol\u00ed m\u016f\u017ee prob\u011bhnout v klidu","item":"https:\/\/www.menas.cz\/stehovani-v-decine-a-okoli-muze-probehnout-v-klidu\/#breadcrumbitem"}]}]