{"@context":"https:\/\/schema.org\/","@type":"CollectionPage","@id":"https:\/\/www.menas.cz\/produkty\/#CollectionPage","headline":"Produkty Category","description":"","url":"https:\/\/www.menas.cz\/produkty\/","hasPart":[{"@type":"Article","@id":"https:\/\/www.menas.cz\/sedaci-vaky-a-pytle-duo\/","headline":"Sedac\u00ed vaky a pytle Duo","url":"https:\/\/www.menas.cz\/sedaci-vaky-a-pytle-duo\/","datePublished":"2018-05-06","dateModified":"2023-05-04","mainEntityOfPage":"https:\/\/www.menas.cz\/sedaci-vaky-a-pytle-duo\/","author":{"@type":"Person","@id":"https:\/\/www.menas.cz\/author\/#Person","name":"","url":"https:\/\/www.menas.cz\/author\/","identifier":1,"image":{"@type":"ImageObject","@id":"https:\/\/secure.gravatar.com\/avatar\/670235c08005d2f1b80a3d56a421809661de47ce0289bd1c93d0120f6ef211a4?s=96&d=mm&r=g","url":"https:\/\/secure.gravatar.com\/avatar\/670235c08005d2f1b80a3d56a421809661de47ce0289bd1c93d0120f6ef211a4?s=96&d=mm&r=g","height":96,"width":96}},"publisher":{"@type":"Organization","name":"menas.cz","logo":{"@type":"ImageObject","@id":"\/logo.png","url":"\/logo.png","width":600,"height":60}},"image":{"@type":"ImageObject","@id":"https:\/\/www.menas.cz\/wp-content\/uploads\/img_a317014_w2380_t1527767550.jpg","url":"https:\/\/www.menas.cz\/wp-content\/uploads\/img_a317014_w2380_t1527767550.jpg","height":0,"width":0},"keywords":null},{"@type":"Article","@id":"https:\/\/www.menas.cz\/totalni-vybaveni-pro-vas-vuz\/","headline":"Tot\u00e1ln\u00ed vybaven\u00ed pro v\u00e1\u0161 v\u016fz","url":"https:\/\/www.menas.cz\/totalni-vybaveni-pro-vas-vuz\/","datePublished":"2017-04-04","dateModified":"2023-05-04","mainEntityOfPage":"https:\/\/www.menas.cz\/totalni-vybaveni-pro-vas-vuz\/","author":{"@type":"Person","@id":"https:\/\/www.menas.cz\/author\/#Person","name":"","url":"https:\/\/www.menas.cz\/author\/","identifier":1,"image":{"@type":"ImageObject","@id":"https:\/\/secure.gravatar.com\/avatar\/670235c08005d2f1b80a3d56a421809661de47ce0289bd1c93d0120f6ef211a4?s=96&d=mm&r=g","url":"https:\/\/secure.gravatar.com\/avatar\/670235c08005d2f1b80a3d56a421809661de47ce0289bd1c93d0120f6ef211a4?s=96&d=mm&r=g","height":96,"width":96}},"publisher":{"@type":"Organization","name":"menas.cz","logo":{"@type":"ImageObject","@id":"\/logo.png","url":"\/logo.png","width":600,"height":60}},"image":{"@type":"ImageObject","@id":"https:\/\/www.menas.cz\/wp-content\/uploads\/img_a286597_w2198_t1496212133.jpg","url":"https:\/\/www.menas.cz\/wp-content\/uploads\/img_a286597_w2198_t1496212133.jpg","height":0,"width":0},"keywords":null}]}