[{"@context":"https:\/\/schema.org\/","@type":"Blog","@id":"https:\/\/www.menas.cz#Blog","headline":"Menas","description":"\nPot\u0159ebujete vy\u0159e\u0161it n\u011bjak\u00e9 svoje pal\u010div\u00e9 probl\u00e9my, ale nev\u00edte, jak na to? Obra\u0165te se na n\u00e1\u0161 web, my to dost mo\u017en\u00e1 v\u011bd\u011bt budeme a pom\u016f\u017eeme v\u00e1m.","url":"https:\/\/www.menas.cz","hasPart":[{"@type":"Article","@id":"https:\/\/www.menas.cz\/skleniky-se-vsemi-komponenty\/","headline":"Sklen\u00edky se v\u0161emi komponenty","url":"https:\/\/www.menas.cz\/skleniky-se-vsemi-komponenty\/","datePublished":"2023-11-07","dateModified":"2023-11-07","mainEntityOfPage":"https:\/\/www.menas.cz\/skleniky-se-vsemi-komponenty\/","author":{"@type":"Person","@id":"https:\/\/www.menas.cz\/author\/#Person","name":"","url":"https:\/\/www.menas.cz\/author\/","identifier":1,"image":{"@type":"ImageObject","@id":"https:\/\/secure.gravatar.com\/avatar\/670235c08005d2f1b80a3d56a421809661de47ce0289bd1c93d0120f6ef211a4?s=96&d=mm&r=g","url":"https:\/\/secure.gravatar.com\/avatar\/670235c08005d2f1b80a3d56a421809661de47ce0289bd1c93d0120f6ef211a4?s=96&d=mm&r=g","height":96,"width":96}},"publisher":{"@type":"Organization","name":"menas.cz","logo":{"@type":"ImageObject","@id":"\/logo.png","url":"\/logo.png","width":600,"height":60}},"image":{"@type":"ImageObject","@id":"https:\/\/www.menas.cz\/wp-content\/uploads\/sklenik_maly_ocUBXe.jpg","url":"https:\/\/www.menas.cz\/wp-content\/uploads\/sklenik_maly_ocUBXe.jpg","height":0,"width":0},"wordCount":523,"keywords":null},{"@type":"Article","@id":"https:\/\/www.menas.cz\/zaridte-domacnost-s-unica-plus\/","headline":"Za\u0159i\u010fte dom\u00e1cnost s unica plus","url":"https:\/\/www.menas.cz\/zaridte-domacnost-s-unica-plus\/","datePublished":"2023-10-03","dateModified":"2023-10-03","mainEntityOfPage":"https:\/\/www.menas.cz\/zaridte-domacnost-s-unica-plus\/","author":{"@type":"Person","@id":"https:\/\/www.menas.cz\/author\/#Person","name":"","url":"https:\/\/www.menas.cz\/author\/","identifier":1,"image":{"@type":"ImageObject","@id":"https:\/\/secure.gravatar.com\/avatar\/670235c08005d2f1b80a3d56a421809661de47ce0289bd1c93d0120f6ef211a4?s=96&d=mm&r=g","url":"https:\/\/secure.gravatar.com\/avatar\/670235c08005d2f1b80a3d56a421809661de47ce0289bd1c93d0120f6ef211a4?s=96&d=mm&r=g","height":96,"width":96}},"publisher":{"@type":"Organization","name":"menas.cz","logo":{"@type":"ImageObject","@id":"\/logo.png","url":"\/logo.png","width":600,"height":60}},"image":null,"wordCount":279,"keywords":null},{"@type":"Article","@id":"https:\/\/www.menas.cz\/kvalitni-batohy\/","headline":"Kvalitn\u00ed batohy","url":"https:\/\/www.menas.cz\/kvalitni-batohy\/","datePublished":"2023-09-30","dateModified":"2023-11-02","mainEntityOfPage":"https:\/\/www.menas.cz\/kvalitni-batohy\/","author":{"@type":"Person","@id":"https:\/\/www.menas.cz\/author\/#Person","name":"","url":"https:\/\/www.menas.cz\/author\/","identifier":1,"image":{"@type":"ImageObject","@id":"https:\/\/secure.gravatar.com\/avatar\/670235c08005d2f1b80a3d56a421809661de47ce0289bd1c93d0120f6ef211a4?s=96&d=mm&r=g","url":"https:\/\/secure.gravatar.com\/avatar\/670235c08005d2f1b80a3d56a421809661de47ce0289bd1c93d0120f6ef211a4?s=96&d=mm&r=g","height":96,"width":96}},"publisher":{"@type":"Organization","name":"menas.cz","logo":{"@type":"ImageObject","@id":"\/logo.png","url":"\/logo.png","width":600,"height":60}},"image":{"@type":"ImageObject","@id":"https:\/\/www.menas.cz\/wp-content\/uploads\/people-1086110_1280.jpg","url":"https:\/\/www.menas.cz\/wp-content\/uploads\/people-1086110_1280.jpg","height":0,"width":0},"wordCount":525,"keywords":null},{"@type":"Article","@id":"https:\/\/www.menas.cz\/s-leky-opatrne\/","headline":"S l\u00e9ky opatrn\u011b","url":"https:\/\/www.menas.cz\/s-leky-opatrne\/","datePublished":"2023-09-25","dateModified":"2024-05-29","mainEntityOfPage":"https:\/\/www.menas.cz\/s-leky-opatrne\/","author":{"@type":"Person","@id":"https:\/\/www.menas.cz\/author\/#Person","name":"","url":"https:\/\/www.menas.cz\/author\/","identifier":1,"image":{"@type":"ImageObject","@id":"https:\/\/secure.gravatar.com\/avatar\/670235c08005d2f1b80a3d56a421809661de47ce0289bd1c93d0120f6ef211a4?s=96&d=mm&r=g","url":"https:\/\/secure.gravatar.com\/avatar\/670235c08005d2f1b80a3d56a421809661de47ce0289bd1c93d0120f6ef211a4?s=96&d=mm&r=g","height":96,"width":96}},"publisher":{"@type":"Organization","name":"menas.cz","logo":{"@type":"ImageObject","@id":"\/logo.png","url":"\/logo.png","width":600,"height":60}},"image":{"@type":"ImageObject","@id":"https:\/\/www.menas.cz\/wp-content\/uploads\/pill-addiction-6020866_1280_1.jpg","url":"https:\/\/www.menas.cz\/wp-content\/uploads\/pill-addiction-6020866_1280_1.jpg","height":0,"width":0},"wordCount":535,"keywords":null},{"@type":"Article","@id":"https:\/\/www.menas.cz\/perfektni-organizace\/","headline":"Perfektn\u00ed organizace","url":"https:\/\/www.menas.cz\/perfektni-organizace\/","datePublished":"2023-08-26","dateModified":"2023-08-26","mainEntityOfPage":"https:\/\/www.menas.cz\/perfektni-organizace\/","author":{"@type":"Person","@id":"https:\/\/www.menas.cz\/author\/#Person","name":"","url":"https:\/\/www.menas.cz\/author\/","identifier":1,"image":{"@type":"ImageObject","@id":"https:\/\/secure.gravatar.com\/avatar\/670235c08005d2f1b80a3d56a421809661de47ce0289bd1c93d0120f6ef211a4?s=96&d=mm&r=g","url":"https:\/\/secure.gravatar.com\/avatar\/670235c08005d2f1b80a3d56a421809661de47ce0289bd1c93d0120f6ef211a4?s=96&d=mm&r=g","height":96,"width":96}},"publisher":{"@type":"Organization","name":"menas.cz","logo":{"@type":"ImageObject","@id":"\/logo.png","url":"\/logo.png","width":600,"height":60}},"image":null,"wordCount":312,"keywords":null},{"@type":"Article","@id":"https:\/\/www.menas.cz\/strecha-nad-hlavou-je-nejdulezitejsi\/","headline":"St\u0159echa nad hlavou je nejd\u016fle\u017eit\u011bj\u0161\u00ed","url":"https:\/\/www.menas.cz\/strecha-nad-hlavou-je-nejdulezitejsi\/","datePublished":"2023-07-28","dateModified":"2023-07-28","mainEntityOfPage":"https:\/\/www.menas.cz\/strecha-nad-hlavou-je-nejdulezitejsi\/","author":{"@type":"Person","@id":"https:\/\/www.menas.cz\/author\/#Person","name":"","url":"https:\/\/www.menas.cz\/author\/","identifier":1,"image":{"@type":"ImageObject","@id":"https:\/\/secure.gravatar.com\/avatar\/670235c08005d2f1b80a3d56a421809661de47ce0289bd1c93d0120f6ef211a4?s=96&d=mm&r=g","url":"https:\/\/secure.gravatar.com\/avatar\/670235c08005d2f1b80a3d56a421809661de47ce0289bd1c93d0120f6ef211a4?s=96&d=mm&r=g","height":96,"width":96}},"publisher":{"@type":"Organization","name":"menas.cz","logo":{"@type":"ImageObject","@id":"\/logo.png","url":"\/logo.png","width":600,"height":60}},"image":{"@type":"ImageObject","@id":"https:\/\/www.menas.cz\/wp-content\/uploads\/garlic-2556022_640_3.jpg","url":"https:\/\/www.menas.cz\/wp-content\/uploads\/garlic-2556022_640_3.jpg","height":0,"width":0},"wordCount":613,"keywords":null},{"@type":"Article","@id":"https:\/\/www.menas.cz\/hledate-profesionalni-firmu-ktera-vam-zajisti-uklid\/","headline":"Hled\u00e1te profesion\u00e1ln\u00ed firmu, kter\u00e1 v\u00e1m zajist\u00ed \u00faklid?","url":"https:\/\/www.menas.cz\/hledate-profesionalni-firmu-ktera-vam-zajisti-uklid\/","datePublished":"2023-07-20","dateModified":"2023-07-20","mainEntityOfPage":"https:\/\/www.menas.cz\/hledate-profesionalni-firmu-ktera-vam-zajisti-uklid\/","author":{"@type":"Person","@id":"https:\/\/www.menas.cz\/author\/#Person","name":"","url":"https:\/\/www.menas.cz\/author\/","identifier":1,"image":{"@type":"ImageObject","@id":"https:\/\/secure.gravatar.com\/avatar\/670235c08005d2f1b80a3d56a421809661de47ce0289bd1c93d0120f6ef211a4?s=96&d=mm&r=g","url":"https:\/\/secure.gravatar.com\/avatar\/670235c08005d2f1b80a3d56a421809661de47ce0289bd1c93d0120f6ef211a4?s=96&d=mm&r=g","height":96,"width":96}},"publisher":{"@type":"Organization","name":"menas.cz","logo":{"@type":"ImageObject","@id":"\/logo.png","url":"\/logo.png","width":600,"height":60}},"image":null,"wordCount":273,"keywords":null},{"@type":"Article","@id":"https:\/\/www.menas.cz\/kde-nalezneme-adresu-sidla-firmy\/","headline":"Kde nalezneme adresu s\u00eddla firmy","url":"https:\/\/www.menas.cz\/kde-nalezneme-adresu-sidla-firmy\/","datePublished":"2023-06-28","dateModified":"2024-03-27","mainEntityOfPage":"https:\/\/www.menas.cz\/kde-nalezneme-adresu-sidla-firmy\/","author":{"@type":"Person","@id":"https:\/\/www.menas.cz\/author\/#Person","name":"","url":"https:\/\/www.menas.cz\/author\/","identifier":1,"image":{"@type":"ImageObject","@id":"https:\/\/secure.gravatar.com\/avatar\/670235c08005d2f1b80a3d56a421809661de47ce0289bd1c93d0120f6ef211a4?s=96&d=mm&r=g","url":"https:\/\/secure.gravatar.com\/avatar\/670235c08005d2f1b80a3d56a421809661de47ce0289bd1c93d0120f6ef211a4?s=96&d=mm&r=g","height":96,"width":96}},"publisher":{"@type":"Organization","name":"menas.cz","logo":{"@type":"ImageObject","@id":"\/logo.png","url":"\/logo.png","width":600,"height":60}},"image":{"@type":"ImageObject","@id":"https:\/\/www.menas.cz\/wp-content\/uploads\/firma6_10_8.jpg","url":"https:\/\/www.menas.cz\/wp-content\/uploads\/firma6_10_8.jpg","height":0,"width":0},"wordCount":568,"keywords":null},{"@type":"Article","@id":"https:\/\/www.menas.cz\/jak-dulezity-je-horcik\/","headline":"Jak d\u016fle\u017eit\u00fd je ho\u0159\u010d\u00edk","url":"https:\/\/www.menas.cz\/jak-dulezity-je-horcik\/","datePublished":"2023-06-14","dateModified":"2023-06-14","mainEntityOfPage":"https:\/\/www.menas.cz\/jak-dulezity-je-horcik\/","author":{"@type":"Person","@id":"https:\/\/www.menas.cz\/author\/#Person","name":"","url":"https:\/\/www.menas.cz\/author\/","identifier":1,"image":{"@type":"ImageObject","@id":"https:\/\/secure.gravatar.com\/avatar\/670235c08005d2f1b80a3d56a421809661de47ce0289bd1c93d0120f6ef211a4?s=96&d=mm&r=g","url":"https:\/\/secure.gravatar.com\/avatar\/670235c08005d2f1b80a3d56a421809661de47ce0289bd1c93d0120f6ef211a4?s=96&d=mm&r=g","height":96,"width":96}},"publisher":{"@type":"Organization","name":"menas.cz","logo":{"@type":"ImageObject","@id":"\/logo.png","url":"\/logo.png","width":600,"height":60}},"image":{"@type":"ImageObject","@id":"https:\/\/www.menas.cz\/wp-content\/uploads\/img_a336992_w2014_t1550266484.jpg","url":"https:\/\/www.menas.cz\/wp-content\/uploads\/img_a336992_w2014_t1550266484.jpg","height":0,"width":0},"wordCount":563,"keywords":null},{"@type":"Article","@id":"https:\/\/www.menas.cz\/levna-a-kvalitni-dovolena\/","headline":"Levn\u00e1 a kvalitn\u00ed dovolen\u00e1","url":"https:\/\/www.menas.cz\/levna-a-kvalitni-dovolena\/","datePublished":"2023-06-11","dateModified":"2024-06-18","mainEntityOfPage":"https:\/\/www.menas.cz\/levna-a-kvalitni-dovolena\/","author":{"@type":"Person","@id":"https:\/\/www.menas.cz\/author\/#Person","name":"","url":"https:\/\/www.menas.cz\/author\/","identifier":1,"image":{"@type":"ImageObject","@id":"https:\/\/secure.gravatar.com\/avatar\/670235c08005d2f1b80a3d56a421809661de47ce0289bd1c93d0120f6ef211a4?s=96&d=mm&r=g","url":"https:\/\/secure.gravatar.com\/avatar\/670235c08005d2f1b80a3d56a421809661de47ce0289bd1c93d0120f6ef211a4?s=96&d=mm&r=g","height":96,"width":96}},"publisher":{"@type":"Organization","name":"menas.cz","logo":{"@type":"ImageObject","@id":"\/logo.png","url":"\/logo.png","width":600,"height":60}},"image":null,"wordCount":268,"keywords":null}]},{"@context":"https:\/\/schema.org","@type":"WebSite","@id":"https:\/\/www.menas.cz\/#website","name":"Menas","url":"https:\/\/www.menas.cz","potentialAction":{"@type":"SearchAction","target":"https:\/\/www.menas.cz\/?s={search_term_string}","query-input":"required name=search_term_string"}}]