[{"@context":"https:\/\/schema.org\/","@type":"Article","@id":"https:\/\/www.menas.cz\/jsme-tu-pro-vas\/#Article","mainEntityOfPage":"https:\/\/www.menas.cz\/jsme-tu-pro-vas\/","headline":"Jsme tu pro v\u00e1s","name":"Jsme tu pro v\u00e1s","description":"Dnes ji\u017e nen\u00ed \u017eidle k po\u010d\u00edta\u010di pouze k\u0159eslem, kter\u00e9 m\u00e1 splnit funkci sezen\u00ed. T\u00edm, \u017ee se v\u011bt\u0161ina pracovn\u00edch \u00fakon\u016f prov\u00e1d\u00ed v r\u00e1mci administrativn\u00ed pozice, st\u00e1v\u00e1 se naprosto nepostradatelnou sou\u010d\u00e1st\u00ed vybaven\u00ed kancel\u00e1\u0159e. Dnes \u017eidle k po\u010d\u00edta\u010di nespl\u0148uje jen funkci k sezen\u00ed, [&hellip;]","datePublished":"2025-04-25","dateModified":"2025-04-25","author":{"@type":"Person","@id":"https:\/\/www.menas.cz\/author\/#Person","name":"","url":"https:\/\/www.menas.cz\/author\/","identifier":1,"image":{"@type":"ImageObject","@id":"https:\/\/secure.gravatar.com\/avatar\/670235c08005d2f1b80a3d56a421809661de47ce0289bd1c93d0120f6ef211a4?s=96&d=mm&r=g","url":"https:\/\/secure.gravatar.com\/avatar\/670235c08005d2f1b80a3d56a421809661de47ce0289bd1c93d0120f6ef211a4?s=96&d=mm&r=g","height":96,"width":96}},"publisher":{"@type":"Organization","name":"menas.cz","logo":{"@type":"ImageObject","@id":"\/logo.png","url":"\/logo.png","width":600,"height":60}},"url":"https:\/\/www.menas.cz\/jsme-tu-pro-vas\/","wordCount":155,"articleBody":"Dnes ji\u017e nen\u00ed \u017eidle k po\u010d\u00edta\u010di pouze k\u0159eslem, kter\u00e9 m\u00e1 splnit funkci sezen\u00ed. T\u00edm, \u017ee se v\u011bt\u0161ina pracovn\u00edch \u00fakon\u016f prov\u00e1d\u00ed v r\u00e1mci administrativn\u00ed pozice, st\u00e1v\u00e1 se naprosto nepostradatelnou sou\u010d\u00e1st\u00ed vybaven\u00ed kancel\u00e1\u0159e.Dnes \u017eidle k po\u010d\u00edta\u010di nespl\u0148uje jen funkci k sezen\u00ed, ale tak\u00e9 jsou na n\u00ed kladen\u00e9 vysok\u00e9 po\u017eadavky z hlediska designu a proveden\u00ed. Spolu s vybaven\u00edm kancel\u00e1\u0159e toti\u017e dotv\u00e1\u0159\u00ed celkovou image prost\u0159ed\u00ed a tak\u00e9 odr\u00e1\u017e\u00ed charakter jej\u00edho majitele. Ano, skute\u010dn\u011b z\u00e1le\u017e\u00ed na tom, jak\u00fd typ si vyberete.Cht\u011bjte to nejlep\u0161\u00ed!Po\u0159i\u010fte si \u017eidle k po\u010d\u00edta\u010di, kter\u00e9 budou prezentovat v\u00e1s i va\u0161i osobnost, a z\u00e1rove\u0148 budou funk\u010dn\u00ed tak, jak s ohledem k va\u0161emu zdrav\u00ed pot\u0159ebujete. Nav\u0161tivte na\u0161e str\u00e1nky a vyberte si podle cenov\u00e9 kategorie tu, kter\u00e1 v\u00e1m bude vyhovovat.                                                                                                                                                                                                                                                                                                                                                                                                "},{"@context":"https:\/\/schema.org\/","@type":"BreadcrumbList","itemListElement":[{"@type":"ListItem","position":1,"name":"Jsme tu pro v\u00e1s","item":"https:\/\/www.menas.cz\/jsme-tu-pro-vas\/#breadcrumbitem"}]}]