[{"@context":"https:\/\/schema.org\/","@type":"Article","@id":"https:\/\/www.menas.cz\/hledate-profesionalni-firmu-ktera-vam-zajisti-uklid\/#Article","mainEntityOfPage":"https:\/\/www.menas.cz\/hledate-profesionalni-firmu-ktera-vam-zajisti-uklid\/","headline":"Hled\u00e1te profesion\u00e1ln\u00ed firmu, kter\u00e1 v\u00e1m zajist\u00ed \u00faklid?","name":"Hled\u00e1te profesion\u00e1ln\u00ed firmu, kter\u00e1 v\u00e1m zajist\u00ed \u00faklid?","description":"V dne\u0161n\u00ed dob\u011b je t\u011b\u017ek\u00e9 dok\u00e1zat se na n\u011bkoho nebo na n\u011bco spolehnout. Na co se spolehnout m\u016f\u017eete ale v\u017edycky, \u017ee bez \u00faklidu se podlahy za\u0161pin\u00ed, n\u00e1bytek zapr\u00e1\u0161\u00ed a ko\u0161e se sami nevysypou. I po\u0159\u00e1dkumilovn\u00ed lid\u00e9 si v dne\u0161n\u00ed dob\u011b [&hellip;]","datePublished":"2023-07-20","dateModified":"2023-07-20","author":{"@type":"Person","@id":"https:\/\/www.menas.cz\/author\/#Person","name":"","url":"https:\/\/www.menas.cz\/author\/","identifier":1,"image":{"@type":"ImageObject","@id":"https:\/\/secure.gravatar.com\/avatar\/670235c08005d2f1b80a3d56a421809661de47ce0289bd1c93d0120f6ef211a4?s=96&d=mm&r=g","url":"https:\/\/secure.gravatar.com\/avatar\/670235c08005d2f1b80a3d56a421809661de47ce0289bd1c93d0120f6ef211a4?s=96&d=mm&r=g","height":96,"width":96}},"publisher":{"@type":"Organization","name":"menas.cz","logo":{"@type":"ImageObject","@id":"\/logo.png","url":"\/logo.png","width":600,"height":60}},"url":"https:\/\/www.menas.cz\/hledate-profesionalni-firmu-ktera-vam-zajisti-uklid\/","wordCount":235,"articleBody":"V dne\u0161n\u00ed dob\u011b je t\u011b\u017ek\u00e9 dok\u00e1zat se na n\u011bkoho nebo na n\u011bco spolehnout. Na co se spolehnout m\u016f\u017eete ale v\u017edycky, \u017ee bez \u00faklidu se podlahy za\u0161pin\u00ed, n\u00e1bytek zapr\u00e1\u0161\u00ed a ko\u0161e se sami nevysypou. I po\u0159\u00e1dkumilovn\u00ed lid\u00e9 si v dne\u0161n\u00ed dob\u011b jen t\u011b\u017eko hledaj\u00ed \u010das nav\u00edc na ukl\u00edzen\u00ed, a tak se \u010dasto poohl\u00ed\u017eej\u00ed po firm\u00e1ch, kter\u00e9 by tyto pr\u00e1ce dok\u00e1zaly zajistit. \u00daklidov\u00e9 firmy Praha ale nejsou jedna jako druh\u00e1, nab\u00edzej\u00ed rozd\u00edlnou \u00farove\u0148 odveden\u00e9 pr\u00e1ce i rozd\u00edln\u00e9 ceny. Pod\u00edvejte se na n\u00e1\u0161 web, kde v\u00e1s s radost\u00ed p\u0159edstav\u00edme \u0161irokou \u0161k\u00e1lu na\u0161ich slu\u017eeb.Prohledn\u011bte si n\u00e1\u0161 p\u0159ehledn\u00fd web je\u0161t\u011b dnesTak \u0161irok\u00fd sortiment slu\u017eeb za tak n\u00edzk\u00e9 ceny jinde nenaleznete. Nab\u00edz\u00edme v\u00e1m vst\u0159\u00edcn\u00e9 jedn\u00e1n\u00ed a osobn\u00ed p\u0159\u00edstup, nez\u00e1le\u017e\u00ed na tom, zda si u n\u00e1s objedn\u00e1te jednor\u00e1zov\u00fd \u00faklid, nebo pro svou firmu zajist\u00edte pravideln\u00e9 slu\u017eby po dobu n\u011bkolika let. S ka\u017ed\u00fdm klientem jedn\u00e1me profesion\u00e1ln\u011b, ka\u017ed\u00e9ho si v\u00e1\u017e\u00edme a vyjdeme v\u00e1m vst\u0159\u00edc. Nebojte se n\u00e1s oslovit, proto\u017ee to je spr\u00e1vn\u00e1 cesta k tomu, aby va\u0161e dom\u00e1cnost, d\u00edlna, ordinace, kancel\u00e1\u0159 \u010di cel\u00e1 firma byla dokonale uklizen\u00e1!                                                                                                                                                                                                                                                                                                                                                                                        4\/5 - (8 votes)        "},{"@context":"https:\/\/schema.org\/","@type":"BreadcrumbList","itemListElement":[{"@type":"ListItem","position":1,"name":"Hled\u00e1te profesion\u00e1ln\u00ed firmu, kter\u00e1 v\u00e1m zajist\u00ed \u00faklid?","item":"https:\/\/www.menas.cz\/hledate-profesionalni-firmu-ktera-vam-zajisti-uklid\/#breadcrumbitem"}]}]