[{"@context":"https:\/\/schema.org\/","@type":"Article","@id":"https:\/\/www.menas.cz\/co-doma-nesmi-chybet\/#Article","mainEntityOfPage":"https:\/\/www.menas.cz\/co-doma-nesmi-chybet\/","headline":"Co doma nesm\u00ed chyb\u011bt","name":"Co doma nesm\u00ed chyb\u011bt","description":"Je toho hodn\u011b, bez \u010deho se skute\u010dn\u011b neobejdete, abyste mohli vegetovat v n\u011bjak\u00e9m prost\u0159ed\u00ed jako lid\u00e9. Ka\u017ed\u00fd p\u0159ece tu\u0161\u00ed, \u017ee nem\u016f\u017eeme \u017e\u00edt bez vody, energie, bez j\u00eddla nebo v\u00fd\u017eivy, n\u011bkdo nam\u00edtne, \u017ee t\u0159eba bez televize \u010di telefonu, po\u010d\u00edta\u010de nebo bez [&hellip;]","datePublished":"2025-04-11","dateModified":"2025-04-11","author":{"@type":"Person","@id":"https:\/\/www.menas.cz\/author\/#Person","name":"","url":"https:\/\/www.menas.cz\/author\/","identifier":1,"image":{"@type":"ImageObject","@id":"https:\/\/secure.gravatar.com\/avatar\/670235c08005d2f1b80a3d56a421809661de47ce0289bd1c93d0120f6ef211a4?s=96&d=mm&r=g","url":"https:\/\/secure.gravatar.com\/avatar\/670235c08005d2f1b80a3d56a421809661de47ce0289bd1c93d0120f6ef211a4?s=96&d=mm&r=g","height":96,"width":96}},"publisher":{"@type":"Organization","name":"menas.cz","logo":{"@type":"ImageObject","@id":"\/logo.png","url":"\/logo.png","width":600,"height":60}},"url":"https:\/\/www.menas.cz\/co-doma-nesmi-chybet\/","wordCount":195,"articleBody":"Je toho hodn\u011b, bez \u010deho se skute\u010dn\u011b neobejdete, abyste mohli vegetovat v n\u011bjak\u00e9m prost\u0159ed\u00ed jako lid\u00e9. Ka\u017ed\u00fd p\u0159ece tu\u0161\u00ed, \u017ee nem\u016f\u017eeme \u017e\u00edt bez vody, energie, bez j\u00eddla nebo v\u00fd\u017eivy, n\u011bkdo nam\u00edtne, \u017ee t\u0159eba bez televize \u010di telefonu, po\u010d\u00edta\u010de nebo bez pen\u011bz. A co takhle t\u0159eba bez postel\u00ed? Zkus\u00edte oponovat? Zvl\u00e1dnete to bez nich? A jak dlouho?N\u00e1bytek, se kter\u00fdm jsme r\u00e1diV byt\u011b \u010di dom\u011b je to stejn\u00e9. V\u0161ude m\u00e1me kuchyni, n\u011bkte\u0159\u00ed dokonce i jako coby j\u00eddelnu, tak\u00e9 mus\u00edme m\u00edt jist\u011b i soci\u00e1ln\u00ed z\u00e1zem\u00ed a koupelnu, v pokoj\u00edch pak nesm\u011bj\u00ed chyb\u011bt postele, proto\u017ee bez odpo\u010dinku a sp\u00e1nku b\u00fdt skute\u010dn\u011b nem\u016f\u017eeme. A\u0165 u\u017e si po\u0159\u00edd\u00edte ony klasick\u00e9, v\u00e1lendy, leti\u0161t\u011b nebo rozkl\u00e1dac\u00ed gau\u010d, v\u017edycky se na n\u011bm m\u016f\u017eete nat\u00e1hnout a na\u010derpat nov\u00e9 s\u00edly do dal\u0161\u00edho dne. Nen\u00ed-li\u017e pravda? Tak\u017ee jestli chcete v nov\u00e9m ji\u017e dnes p\u0159espat, v\u00edte, bez \u010deho se prost\u011b neobejdete.                                                                                                                                                                                                                                                                                                                                                                                                "},{"@context":"https:\/\/schema.org\/","@type":"BreadcrumbList","itemListElement":[{"@type":"ListItem","position":1,"name":"Co doma nesm\u00ed chyb\u011bt","item":"https:\/\/www.menas.cz\/co-doma-nesmi-chybet\/#breadcrumbitem"}]}]